{"id":19843,"date":"2025-01-21T03:41:20","date_gmt":"2025-01-21T06:41:20","guid":{"rendered":"https:\/\/ubajaranoticias.com.br\/index.php\/2025\/01\/21\/prefeitura-inicia-retomada-das-regularizacoes-fundiarias-em-guaratingueta-prefeitura-estancia-turistica-guaratingueta\/"},"modified":"2025-01-21T03:41:20","modified_gmt":"2025-01-21T06:41:20","slug":"prefeitura-inicia-retomada-das-regularizacoes-fundiarias-em-guaratingueta-prefeitura-estancia-turistica-guaratingueta","status":"publish","type":"post","link":"https:\/\/ubajaranoticias.com.br\/index.php\/2025\/01\/21\/prefeitura-inicia-retomada-das-regularizacoes-fundiarias-em-guaratingueta-prefeitura-estancia-turistica-guaratingueta\/","title":{"rendered":"Prefeitura inicia retomada das Regulariza\u00e7\u00f5es Fundi\u00e1rias em Guaratinguet\u00e1 \u2013 Prefeitura Est\u00e2ncia Tur\u00edstica Guaratinguet\u00e1"},"content":{"rendered":"<p><\/p>\n<div>\n<p>Em reuni\u00e3o realizada no Pa\u00e7o Municipal na tarde desta segunda-feira, 20, o Prefeito Junior Filippo discutiu com representantes do Itesp \u2013 Funda\u00e7\u00e3o Instituto de Terras do Estado de S\u00e3o Paulo, a retomada das regulariza\u00e7\u00f5es fundi\u00e1rias em Guaratinguet\u00e1.<\/p>\n<p>Durante esse encontro foram discutidas as pend\u00eancias da gest\u00e3o passada para a conclus\u00e3o dos processos e o retorno do Programa Bairro Feliz.<\/p>\n<p>Com a assinatura de um novo conv\u00eanio, logo de imediato, ser\u00e3o atendidos os loteamentos Retiro 1 e 2, que juntos somam aproximadamente 210 propriedades. Ap\u00f3s a assinatura do conv\u00eanio, a previs\u00e3o \u00e9 que esses propriet\u00e1rios recebam em at\u00e9 6 meses as matr\u00edculas definitivas.<\/p>\n<p>O Itesp fornece aos propriet\u00e1rios participantes do Programa o Projeto Urban\u00edstico, Delimita\u00e7\u00e3o dos lotes, Gera\u00e7\u00e3o da planta, entre outras orienta\u00e7\u00f5es.<\/p>\n<p>Estiveram presentes nessa reuni\u00e3o, o Prefeito Municipal Junior Filippo, o Secret\u00e1rio de Governo Andr\u00e9 Marques, o vereador M\u00e1rcio Almeida, o Coordenador Regional Sudeste do ITESP Dr Ant\u00f4nio Carlos Dias Pereira Filho, a Supervisora da Diretoria de Regulariza\u00e7\u00e3o Fundi\u00e1ria do ITESP Gabriela Portiolli, o Analista Jur\u00eddico do ITESP Dr Rog\u00e9rio Lima.<\/p>\n<\/p><\/div>\n","protected":false},"excerpt":{"rendered":"<p>Em reuni\u00e3o realizada no Pa\u00e7o Municipal na tarde desta segunda-feira, 20, o Prefeito Junior Filippo discutiu com representantes do Itesp \u2013 Funda\u00e7\u00e3o Instituto de Terras do Estado de S\u00e3o Paulo, a retomada das regulariza\u00e7\u00f5es fundi\u00e1rias em Guaratinguet\u00e1. Durante esse encontro foram discutidas as pend\u00eancias da gest\u00e3o passada para a conclus\u00e3o dos processos e o retorno &#8230; <a title=\"Prefeitura inicia retomada das Regulariza\u00e7\u00f5es Fundi\u00e1rias em Guaratinguet\u00e1 \u2013 Prefeitura Est\u00e2ncia Tur\u00edstica Guaratinguet\u00e1\" class=\"read-more\" href=\"https:\/\/ubajaranoticias.com.br\/index.php\/2025\/01\/21\/prefeitura-inicia-retomada-das-regularizacoes-fundiarias-em-guaratingueta-prefeitura-estancia-turistica-guaratingueta\/\" aria-label=\"Read more about Prefeitura inicia retomada das Regulariza\u00e7\u00f5es Fundi\u00e1rias em Guaratinguet\u00e1 \u2013 Prefeitura Est\u00e2ncia Tur\u00edstica Guaratinguet\u00e1\">Ler mais<\/a><\/p>\n","protected":false},"author":1,"featured_media":0,"comment_status":"","ping_status":"","sticky":false,"template":"","format":"standard","meta":{"footnotes":""},"categories":[3],"tags":[],"class_list":["post-19843","post","type-post","status-publish","format-standard","hentry","category-noticias"],"amp_enabled":true,"_links":{"self":[{"href":"https:\/\/ubajaranoticias.com.br\/index.php\/wp-json\/wp\/v2\/posts\/19843","targetHints":{"allow":["GET"]}}],"collection":[{"href":"https:\/\/ubajaranoticias.com.br\/index.php\/wp-json\/wp\/v2\/posts"}],"about":[{"href":"https:\/\/ubajaranoticias.com.br\/index.php\/wp-json\/wp\/v2\/types\/post"}],"author":[{"embeddable":true,"href":"https:\/\/ubajaranoticias.com.br\/index.php\/wp-json\/wp\/v2\/users\/1"}],"replies":[{"embeddable":true,"href":"https:\/\/ubajaranoticias.com.br\/index.php\/wp-json\/wp\/v2\/comments?post=19843"}],"version-history":[{"count":0,"href":"https:\/\/ubajaranoticias.com.br\/index.php\/wp-json\/wp\/v2\/posts\/19843\/revisions"}],"wp:attachment":[{"href":"https:\/\/ubajaranoticias.com.br\/index.php\/wp-json\/wp\/v2\/media?parent=19843"}],"wp:term":[{"taxonomy":"category","embeddable":true,"href":"https:\/\/ubajaranoticias.com.br\/index.php\/wp-json\/wp\/v2\/categories?post=19843"},{"taxonomy":"post_tag","embeddable":true,"href":"https:\/\/ubajaranoticias.com.br\/index.php\/wp-json\/wp\/v2\/tags?post=19843"}],"curies":[{"name":"wp","href":"https:\/\/api.w.org\/{rel}","templated":true}]}}