{"id":19367,"date":"2025-01-08T05:47:12","date_gmt":"2025-01-08T08:47:12","guid":{"rendered":"https:\/\/ubajaranoticias.com.br\/index.php\/2025\/01\/08\/prefeitura-intensifica-servicos-de-rocada-e-capina\/"},"modified":"2025-01-08T05:47:12","modified_gmt":"2025-01-08T08:47:12","slug":"prefeitura-intensifica-servicos-de-rocada-e-capina","status":"publish","type":"post","link":"https:\/\/ubajaranoticias.com.br\/index.php\/2025\/01\/08\/prefeitura-intensifica-servicos-de-rocada-e-capina\/","title":{"rendered":"Prefeitura intensifica servi\u00e7os de ro\u00e7ada e capina"},"content":{"rendered":"<p><\/p>\n<div>\n<p><b>Rosi Masiero<\/b><br \/>&#13;<br \/>\n&#13;<br \/>\n                <span style=\"font-weight: bold;\">Secretaria de Manuten\u00e7\u00e3o da Cidade<\/span><\/p>\n<p>A Prefeitura de S\u00e3o Jos\u00e9 dos Campos est\u00e1 intensificando os trabalhos de ro\u00e7adas e capina em \u00e1reas p\u00fablicas, no per\u00edodo de chuvas e de calor. Nessa \u00e9poca de ver\u00e3o, o mato tende a crescer mais r\u00e1pido, o que exige mais servi\u00e7os de manuten\u00e7\u00e3o.\u00a0<\/p>\n<p>Com centenas de pra\u00e7as, \u00e1reas verdes, canteiros centrais, a cidade vem redobrando o atendimento, em todas as regi\u00f5es, devido o crescimento do mato aumentar, de 5 a 10 cm por dia acima do comum, comparado a per\u00edodos diferentes do ano.<\/p>\n<p>O cidad\u00e3o joseense pode acompanhar o servi\u00e7o de ro\u00e7ada e jardinagem na programa\u00e7\u00e3o semanal, dispon\u00edvel no site da Prefeitura e tamb\u00e9m pode solicitar o servi\u00e7o pelo 156.<\/p>\n<p><span class=\"intertitulo\">Ro\u00e7ada em dia<\/span><\/p>\n<p>O servi\u00e7o de ro\u00e7ada mant\u00e9m a cidade bem cuidada, segura e confort\u00e1vel, o que melhora a qualidade de vida de todos. Outro destaque \u00e9 que o mato baixo contribui para evitar ac\u00famulo de lixo e diminui os poss\u00edveis criadouros do mosquito da dengue e de escorpi\u00f5es.<\/p>\n<\/p>\n<p><sub><em>Equipes da Prefeitura trabalham diariamente na manuten\u00e7\u00e3o e paisagismo da cidade |Foto: Divulga\u00e7\u00e3o<\/em><\/sub><\/p>\n<p>&#13;<br \/>\n                        <strong>MAIS NOT\u00cdCIAS<\/strong><br \/>&#13;<br \/>\n                        Secretaria de Manuten\u00e7\u00e3o da Cidade&#13;\n                    <\/p>\n<\/p><\/div>\n","protected":false},"excerpt":{"rendered":"<p>Rosi Masiero&#13; &#13; Secretaria de Manuten\u00e7\u00e3o da Cidade A Prefeitura de S\u00e3o Jos\u00e9 dos Campos est\u00e1 intensificando os trabalhos de ro\u00e7adas e capina em \u00e1reas p\u00fablicas, no per\u00edodo de chuvas e de calor. Nessa \u00e9poca de ver\u00e3o, o mato tende a crescer mais r\u00e1pido, o que exige mais servi\u00e7os de manuten\u00e7\u00e3o.\u00a0 Com centenas de pra\u00e7as, &#8230; <a title=\"Prefeitura intensifica servi\u00e7os de ro\u00e7ada e capina\" class=\"read-more\" href=\"https:\/\/ubajaranoticias.com.br\/index.php\/2025\/01\/08\/prefeitura-intensifica-servicos-de-rocada-e-capina\/\" aria-label=\"Read more about Prefeitura intensifica servi\u00e7os de ro\u00e7ada e capina\">Ler mais<\/a><\/p>\n","protected":false},"author":1,"featured_media":0,"comment_status":"","ping_status":"","sticky":false,"template":"","format":"standard","meta":{"footnotes":""},"categories":[3],"tags":[],"class_list":["post-19367","post","type-post","status-publish","format-standard","hentry","category-noticias"],"amp_enabled":true,"_links":{"self":[{"href":"https:\/\/ubajaranoticias.com.br\/index.php\/wp-json\/wp\/v2\/posts\/19367","targetHints":{"allow":["GET"]}}],"collection":[{"href":"https:\/\/ubajaranoticias.com.br\/index.php\/wp-json\/wp\/v2\/posts"}],"about":[{"href":"https:\/\/ubajaranoticias.com.br\/index.php\/wp-json\/wp\/v2\/types\/post"}],"author":[{"embeddable":true,"href":"https:\/\/ubajaranoticias.com.br\/index.php\/wp-json\/wp\/v2\/users\/1"}],"replies":[{"embeddable":true,"href":"https:\/\/ubajaranoticias.com.br\/index.php\/wp-json\/wp\/v2\/comments?post=19367"}],"version-history":[{"count":0,"href":"https:\/\/ubajaranoticias.com.br\/index.php\/wp-json\/wp\/v2\/posts\/19367\/revisions"}],"wp:attachment":[{"href":"https:\/\/ubajaranoticias.com.br\/index.php\/wp-json\/wp\/v2\/media?parent=19367"}],"wp:term":[{"taxonomy":"category","embeddable":true,"href":"https:\/\/ubajaranoticias.com.br\/index.php\/wp-json\/wp\/v2\/categories?post=19367"},{"taxonomy":"post_tag","embeddable":true,"href":"https:\/\/ubajaranoticias.com.br\/index.php\/wp-json\/wp\/v2\/tags?post=19367"}],"curies":[{"name":"wp","href":"https:\/\/api.w.org\/{rel}","templated":true}]}}