{"id":19357,"date":"2025-01-07T19:59:14","date_gmt":"2025-01-07T22:59:14","guid":{"rendered":"https:\/\/ubajaranoticias.com.br\/index.php\/2025\/01\/07\/exportacoes-de-sao-jose-crescem-30-em-2024\/"},"modified":"2025-01-07T19:59:14","modified_gmt":"2025-01-07T22:59:14","slug":"exportacoes-de-sao-jose-crescem-30-em-2024","status":"publish","type":"post","link":"https:\/\/ubajaranoticias.com.br\/index.php\/2025\/01\/07\/exportacoes-de-sao-jose-crescem-30-em-2024\/","title":{"rendered":"Exporta\u00e7\u00f5es de S\u00e3o Jos\u00e9 crescem 30% em 2024"},"content":{"rendered":"<p><\/p>\n<div>\n<p><b>Jos\u00e9 Roberto Amaral<\/b><br \/>&#13;<br \/>\n&#13;<br \/>\n                <span style=\"font-weight: bold;\">Secretaria de Inova\u00e7\u00e3o e Desenvolvimento Econ\u00f4mico<\/span><\/p>\n<p>S\u00e3o Jos\u00e9 dos Campos fechou 2024 com US$ 3,680 bilh\u00f5es em exporta\u00e7\u00f5es de bens e produtos, um crescimento de 28,76% em rela\u00e7\u00e3o ao ano anterior, quando o munic\u00edpio registrou US$ 2,859 bilh\u00f5es.<\/p>\n<p>Comparado a 2021, primeiro ano depois do per\u00edodo mais restritivo da pandemia de Covid-19, o aumento \u00e9 ainda mais significativo. No per\u00edodo, a cidade experimentou um acr\u00e9scimo de quase 60% em exporta\u00e7\u00f5es. Em 2021, S\u00e3o Jos\u00e9 exportou US$ 2,320 bilh\u00f5es.<\/p>\n<p>A balan\u00e7a comercial joseense tamb\u00e9m registrou super\u00e1vit no ano passado. O resultado das exporta\u00e7\u00f5es superou o volume de importa\u00e7\u00f5es em US$ 927 milh\u00f5es.<\/p>\n<p>Os dados s\u00e3o da plataforma Comex Stat, sistema para consultas e extra\u00e7\u00e3o de dados do com\u00e9rcio exterior brasileiro, que \u00e9 vinculado ao Minist\u00e9rio do Desenvolvimento, Ind\u00fastria, Com\u00e9rcio e Servi\u00e7os.<\/p>\n<p><span class=\"intertitulo\">Ind\u00fastria aeroespacial<\/span><\/p>\n<p>A ind\u00fastria aeroespacial liderou o ranking de exporta\u00e7\u00f5es no ano passado, sendo respons\u00e1vel por 74% do total de produtos. Foram US$ 2,727 bilh\u00f5es exportados em 2024.<\/p>\n<p>A Embraer registrou receita de R$ 9,4 bilh\u00f5es de reais no terceiro trimestre de 2024, valor 50% maior do que o registrado no mesmo per\u00edodo de 2023.\u00a0<\/p>\n<p>A ind\u00fastria automobil\u00edstica, com US$ 236 milh\u00f5es, ficou em segundo lugar no ranking de exporta\u00e7\u00f5es da cidade.<\/p>\n<p>Tamb\u00e9m destacaram-se aparelhos el\u00e9tricos para telefonia e produtos ligados \u00e0 ind\u00fastria da defesa.<\/p>\n<p><span class=\"intertitulo\">Pa\u00edses consumidores<\/span><\/p>\n<p>Em 2024, os Estados Unidos e o Canad\u00e1 juntos consumiram mais de 64,5% das exporta\u00e7\u00f5es de S\u00e3o Jos\u00e9 dos Campos, com participa\u00e7\u00e3o no total da pauta de 51,6% e 12,9% respectivamente.<\/p>\n<p>Foram exportados para os Estados Unidos um total de US$ 1,902 bilh\u00e3o e para o Canad\u00e1, US$ 474 milh\u00f5es<\/p>\n<p>A Espanha e a Holanda s\u00e3o outros pa\u00edses que aparecem com destaque no mercado consumidor de bens e produtos produzidos em S\u00e3o Jos\u00e9.<\/p>\n<p><span class=\"intertitulo\">As exporta\u00e7\u00f5es de S\u00e3o Jos\u00e9 depois da pandemia<\/span><\/p>\n<p>2021: US$ 2.320.118.652<\/p>\n<p>2022: US$ 2.655.856.048<\/p>\n<p>2023: US$ 2.859.013.236<\/p>\n<p>2024: US$ 3.680.205.527<\/p>\n<p>&#13;<br \/>\n                        <strong>MAIS NOT\u00cdCIAS<\/strong><br \/>&#13;<br \/>\n                        Secretaria de Inova\u00e7\u00e3o e Desenvolvimento Econ\u00f4mico&#13;\n                    <\/p>\n<\/p><\/div>\n","protected":false},"excerpt":{"rendered":"<p>Jos\u00e9 Roberto Amaral&#13; &#13; Secretaria de Inova\u00e7\u00e3o e Desenvolvimento Econ\u00f4mico S\u00e3o Jos\u00e9 dos Campos fechou 2024 com US$ 3,680 bilh\u00f5es em exporta\u00e7\u00f5es de bens e produtos, um crescimento de 28,76% em rela\u00e7\u00e3o ao ano anterior, quando o munic\u00edpio registrou US$ 2,859 bilh\u00f5es. Comparado a 2021, primeiro ano depois do per\u00edodo mais restritivo da pandemia de &#8230; <a title=\"Exporta\u00e7\u00f5es de S\u00e3o Jos\u00e9 crescem 30% em 2024\" class=\"read-more\" href=\"https:\/\/ubajaranoticias.com.br\/index.php\/2025\/01\/07\/exportacoes-de-sao-jose-crescem-30-em-2024\/\" aria-label=\"Read more about Exporta\u00e7\u00f5es de S\u00e3o Jos\u00e9 crescem 30% em 2024\">Ler mais<\/a><\/p>\n","protected":false},"author":1,"featured_media":0,"comment_status":"","ping_status":"","sticky":false,"template":"","format":"standard","meta":{"footnotes":""},"categories":[3],"tags":[],"class_list":["post-19357","post","type-post","status-publish","format-standard","hentry","category-noticias"],"amp_enabled":true,"_links":{"self":[{"href":"https:\/\/ubajaranoticias.com.br\/index.php\/wp-json\/wp\/v2\/posts\/19357","targetHints":{"allow":["GET"]}}],"collection":[{"href":"https:\/\/ubajaranoticias.com.br\/index.php\/wp-json\/wp\/v2\/posts"}],"about":[{"href":"https:\/\/ubajaranoticias.com.br\/index.php\/wp-json\/wp\/v2\/types\/post"}],"author":[{"embeddable":true,"href":"https:\/\/ubajaranoticias.com.br\/index.php\/wp-json\/wp\/v2\/users\/1"}],"replies":[{"embeddable":true,"href":"https:\/\/ubajaranoticias.com.br\/index.php\/wp-json\/wp\/v2\/comments?post=19357"}],"version-history":[{"count":0,"href":"https:\/\/ubajaranoticias.com.br\/index.php\/wp-json\/wp\/v2\/posts\/19357\/revisions"}],"wp:attachment":[{"href":"https:\/\/ubajaranoticias.com.br\/index.php\/wp-json\/wp\/v2\/media?parent=19357"}],"wp:term":[{"taxonomy":"category","embeddable":true,"href":"https:\/\/ubajaranoticias.com.br\/index.php\/wp-json\/wp\/v2\/categories?post=19357"},{"taxonomy":"post_tag","embeddable":true,"href":"https:\/\/ubajaranoticias.com.br\/index.php\/wp-json\/wp\/v2\/tags?post=19357"}],"curies":[{"name":"wp","href":"https:\/\/api.w.org\/{rel}","templated":true}]}}