{"id":19356,"date":"2025-01-07T19:17:11","date_gmt":"2025-01-07T22:17:11","guid":{"rendered":"https:\/\/ubajaranoticias.com.br\/index.php\/2025\/01\/07\/ifsp-seleciona-professores-e-tutores-para-cursos-da-universidade-aberta-do-brasil-uab-ifsp\/"},"modified":"2025-01-07T19:17:11","modified_gmt":"2025-01-07T22:17:11","slug":"ifsp-seleciona-professores-e-tutores-para-cursos-da-universidade-aberta-do-brasil-uab-ifsp","status":"publish","type":"post","link":"https:\/\/ubajaranoticias.com.br\/index.php\/2025\/01\/07\/ifsp-seleciona-professores-e-tutores-para-cursos-da-universidade-aberta-do-brasil-uab-ifsp\/","title":{"rendered":"IFSP seleciona professores e tutores para cursos da Universidade Aberta do Brasil (UAB) &#8211; IFSP"},"content":{"rendered":"<p><\/p>\n<div>\n<p><!-- fim .content-header-options-1 --><\/p>\n<p><span data-contrast=\"none\">O IFSP publicou tr\u00eas editais para sele\u00e7\u00e3o de professores formadores e tutores, presenciais e a dist\u00e2ncia, que ir\u00e3o atuar em cursos ofertados no \u00e2mbito do Sistema Universidade Aberta do Brasil (UAB), em parceria com a Capes. As oportunidades abrangem diferentes perfis e \u00e1reas de atua\u00e7\u00e3o, com inscri\u00e7\u00f5es abertas at\u00e9 o dia 24 de janeiro de 2025, que s\u00e3o realizadas exclusivamente pelo portal de concursos p\u00fablicos do IFSP: <\/span><span data-contrast=\"none\">https:\/\/concursopublico.ifsp.edu.br<\/span><span data-contrast=\"none\">.<\/span><span data-ccp-props=\"{&quot;134233117&quot;:false,&quot;134233118&quot;:false,&quot;335551550&quot;:0,&quot;335551620&quot;:0,&quot;335557856&quot;:16777215,&quot;335559738&quot;:195,&quot;335559739&quot;:195}\">\u00a0<\/span><\/p>\n<p><span data-contrast=\"none\">Confira as informa\u00e7\u00f5es sobre os editais:<\/span><span data-ccp-props=\"{&quot;134233117&quot;:false,&quot;134233118&quot;:false,&quot;335551550&quot;:0,&quot;335551620&quot;:0,&quot;335557856&quot;:16777215,&quot;335559738&quot;:195,&quot;335559739&quot;:195}\">\u00a0<\/span><\/p>\n<p><b><span data-contrast=\"none\">Edital n\u00ba 4\/2025: Professores Formadores \u2014 Educa\u00e7\u00e3o Inclusiva\u00a0<\/span><\/b><\/p>\n<p><span data-contrast=\"none\">Seleciona professores formadores para o curso de\u00a0Especializa\u00e7\u00e3o em Educa\u00e7\u00e3o Inclusiva, vinculado ao Campus Ilha Solteira. A atua\u00e7\u00e3o ser\u00e1 em disciplinas como\u00a0Fundamentos da Educa\u00e7\u00e3o Inclusiva, Tecnologias Assistivas e Metodologia de Pesquisa.<\/span><span data-ccp-props=\"{&quot;134233117&quot;:false,&quot;134233118&quot;:false,&quot;335551550&quot;:0,&quot;335551620&quot;:0,&quot;335557856&quot;:16777215,&quot;335559738&quot;:195,&quot;335559739&quot;:195}\">\u00a0<\/span><\/p>\n<p><b><span data-contrast=\"none\">Requisitos:<\/span><\/b><span data-ccp-props=\"{&quot;134233117&quot;:false,&quot;134233118&quot;:false,&quot;335551550&quot;:0,&quot;335551620&quot;:0,&quot;335557856&quot;:16777215,&quot;335559738&quot;:195,&quot;335559739&quot;:195}\">\u00a0<\/span><\/p>\n<ul>\n<li data-leveltext=\"\uf0b7\" data-font=\"Symbol\" data-listid=\"1\" data-list-defn-props=\"{&quot;335552541&quot;:1,&quot;335559683&quot;:0,&quot;335559684&quot;:-2,&quot;335559685&quot;:720,&quot;335559991&quot;:360,&quot;469769226&quot;:&quot;Symbol&quot;,&quot;469769242&quot;:[8226],&quot;469777803&quot;:&quot;left&quot;,&quot;469777804&quot;:&quot;\uf0b7&quot;,&quot;469777815&quot;:&quot;hybridMultilevel&quot;}\" data-aria-posinset=\"1\" data-aria-level=\"1\"><span data-contrast=\"none\">licenciatura na \u00e1rea exigida por disciplina;<\/span><span data-ccp-props=\"{&quot;134233117&quot;:false,&quot;134233118&quot;:false,&quot;335551550&quot;:0,&quot;335551620&quot;:0,&quot;335557856&quot;:16777215,&quot;335559738&quot;:0,&quot;335559739&quot;:0}\">\u00a0<\/span><\/li>\n<\/ul>\n<ul>\n<li data-leveltext=\"\uf0b7\" data-font=\"Symbol\" data-listid=\"1\" data-list-defn-props=\"{&quot;335552541&quot;:1,&quot;335559683&quot;:0,&quot;335559684&quot;:-2,&quot;335559685&quot;:720,&quot;335559991&quot;:360,&quot;469769226&quot;:&quot;Symbol&quot;,&quot;469769242&quot;:[8226],&quot;469777803&quot;:&quot;left&quot;,&quot;469777804&quot;:&quot;\uf0b7&quot;,&quot;469777815&quot;:&quot;hybridMultilevel&quot;}\" data-aria-posinset=\"2\" data-aria-level=\"1\"><span data-contrast=\"none\">experi\u00eancia m\u00ednima de um ano no magist\u00e9rio superior;<\/span><span data-ccp-props=\"{&quot;134233117&quot;:false,&quot;134233118&quot;:false,&quot;335551550&quot;:0,&quot;335551620&quot;:0,&quot;335557856&quot;:16777215,&quot;335559738&quot;:0,&quot;335559739&quot;:0}\">\u00a0<\/span><\/li>\n<\/ul>\n<ul>\n<li data-leveltext=\"\uf0b7\" data-font=\"Symbol\" data-listid=\"1\" data-list-defn-props=\"{&quot;335552541&quot;:1,&quot;335559683&quot;:0,&quot;335559684&quot;:-2,&quot;335559685&quot;:720,&quot;335559991&quot;:360,&quot;469769226&quot;:&quot;Symbol&quot;,&quot;469769242&quot;:[8226],&quot;469777803&quot;:&quot;left&quot;,&quot;469777804&quot;:&quot;\uf0b7&quot;,&quot;469777815&quot;:&quot;hybridMultilevel&quot;}\" data-aria-posinset=\"3\" data-aria-level=\"1\"><span data-contrast=\"none\">disponibilidade para desenvolver atividades pedag\u00f3gicas no Ambiente Virtual de Aprendizagem (AVA).<\/span><span data-ccp-props=\"{&quot;134233117&quot;:false,&quot;134233118&quot;:false,&quot;335551550&quot;:0,&quot;335551620&quot;:0,&quot;335557856&quot;:16777215,&quot;335559738&quot;:0,&quot;335559739&quot;:0}\">\u00a0<\/span><\/li>\n<\/ul>\n<p><b><span data-contrast=\"none\">Benef\u00edcio:<\/span><\/b><span data-contrast=\"none\">\u00a0bolsa no valor de\u00a0R$ 1.850,00.<\/span><span data-ccp-props=\"{&quot;134233117&quot;:false,&quot;134233118&quot;:false,&quot;335551550&quot;:0,&quot;335551620&quot;:0,&quot;335557856&quot;:16777215,&quot;335559738&quot;:195,&quot;335559739&quot;:195}\">\u00a0<\/span><\/p>\n<p><b><span data-contrast=\"none\">Edital n\u00ba 5\/2025: Tutores a Dist\u00e2ncia \u2014 Educa\u00e7\u00e3o Inclusiva\u00a0 <\/span><\/b><span data-ccp-props=\"{&quot;134233117&quot;:false,&quot;134233118&quot;:false,&quot;335551550&quot;:0,&quot;335551620&quot;:0,&quot;335557856&quot;:16777215,&quot;335559738&quot;:195,&quot;335559739&quot;:195}\">\u00a0<\/span><\/p>\n<p><span data-contrast=\"none\">S\u00e3o tr\u00eas vagas abertas para tutores a dist\u00e2ncia que atuar\u00e3o no curso de\u00a0<\/span><b><span data-contrast=\"none\">Especializa\u00e7\u00e3o em Educa\u00e7\u00e3o Inclusiva<\/span><\/b><span data-contrast=\"none\">. A carga hor\u00e1ria semanal \u00e9 de 20 horas, e o tutor ter\u00e1 papel fundamental na media\u00e7\u00e3o entre estudantes e professores.<\/span><span data-ccp-props=\"{&quot;134233117&quot;:false,&quot;134233118&quot;:false,&quot;335551550&quot;:0,&quot;335551620&quot;:0,&quot;335557856&quot;:16777215,&quot;335559738&quot;:195,&quot;335559739&quot;:195}\">\u00a0<\/span><\/p>\n<p><b><span data-contrast=\"none\">Requisitos:<\/span><\/b><span data-ccp-props=\"{&quot;134233117&quot;:false,&quot;134233118&quot;:false,&quot;335551550&quot;:0,&quot;335551620&quot;:0,&quot;335557856&quot;:16777215,&quot;335559738&quot;:195,&quot;335559739&quot;:195}\">\u00a0<\/span><\/p>\n<ul>\n<li data-leveltext=\"\uf0b7\" data-font=\"Symbol\" data-listid=\"2\" data-list-defn-props=\"{&quot;335552541&quot;:1,&quot;335559683&quot;:0,&quot;335559684&quot;:-2,&quot;335559685&quot;:720,&quot;335559991&quot;:360,&quot;469769226&quot;:&quot;Symbol&quot;,&quot;469769242&quot;:[8226],&quot;469777803&quot;:&quot;left&quot;,&quot;469777804&quot;:&quot;\uf0b7&quot;,&quot;469777815&quot;:&quot;hybridMultilevel&quot;}\" data-aria-posinset=\"1\" data-aria-level=\"1\"><span data-contrast=\"none\">licenciatura em qualquer \u00e1rea;<\/span><span data-ccp-props=\"{&quot;134233117&quot;:false,&quot;134233118&quot;:false,&quot;335551550&quot;:0,&quot;335551620&quot;:0,&quot;335557856&quot;:16777215,&quot;335559738&quot;:0,&quot;335559739&quot;:0}\">\u00a0<\/span><\/li>\n<\/ul>\n<ul>\n<li data-leveltext=\"\uf0b7\" data-font=\"Symbol\" data-listid=\"2\" data-list-defn-props=\"{&quot;335552541&quot;:1,&quot;335559683&quot;:0,&quot;335559684&quot;:-2,&quot;335559685&quot;:720,&quot;335559991&quot;:360,&quot;469769226&quot;:&quot;Symbol&quot;,&quot;469769242&quot;:[8226],&quot;469777803&quot;:&quot;left&quot;,&quot;469777804&quot;:&quot;\uf0b7&quot;,&quot;469777815&quot;:&quot;hybridMultilevel&quot;}\" data-aria-posinset=\"2\" data-aria-level=\"1\"><span data-contrast=\"none\">experi\u00eancia no magist\u00e9rio;<\/span><span data-ccp-props=\"{&quot;134233117&quot;:false,&quot;134233118&quot;:false,&quot;335551550&quot;:0,&quot;335551620&quot;:0,&quot;335557856&quot;:16777215,&quot;335559738&quot;:0,&quot;335559739&quot;:0}\">\u00a0<\/span><\/li>\n<\/ul>\n<ul>\n<li data-leveltext=\"\uf0b7\" data-font=\"Symbol\" data-listid=\"2\" data-list-defn-props=\"{&quot;335552541&quot;:1,&quot;335559683&quot;:0,&quot;335559684&quot;:-2,&quot;335559685&quot;:720,&quot;335559991&quot;:360,&quot;469769226&quot;:&quot;Symbol&quot;,&quot;469769242&quot;:[8226],&quot;469777803&quot;:&quot;left&quot;,&quot;469777804&quot;:&quot;\uf0b7&quot;,&quot;469777815&quot;:&quot;hybridMultilevel&quot;}\" data-aria-posinset=\"3\" data-aria-level=\"1\"><span data-contrast=\"none\">familiaridade com plataformas de ensino a dist\u00e2ncia.<\/span><span data-ccp-props=\"{&quot;134233117&quot;:false,&quot;134233118&quot;:false,&quot;335551550&quot;:0,&quot;335551620&quot;:0,&quot;335557856&quot;:16777215,&quot;335559738&quot;:0,&quot;335559739&quot;:0}\">\u00a0<\/span><\/li>\n<\/ul>\n<p><b><span data-contrast=\"none\">Benef\u00edcio:<\/span><\/b><span data-contrast=\"none\">\u00a0bolsa no valor de\u00a0R$ 1.100,00.<\/span><span data-ccp-props=\"{&quot;134233117&quot;:false,&quot;134233118&quot;:false,&quot;335551550&quot;:0,&quot;335551620&quot;:0,&quot;335557856&quot;:16777215,&quot;335559738&quot;:195,&quot;335559739&quot;:195}\">\u00a0<\/span><\/p>\n<p><b><span data-contrast=\"none\">Edital n\u00ba 6\/2025: Tutor Presencial \u2013 Matem\u00e1tica<\/span><\/b><\/p>\n<p><span data-contrast=\"none\">O curso de\u00a0<\/span><b><span data-contrast=\"none\">Segunda Licenciatura em Matem\u00e1tica<\/span><\/b><span data-contrast=\"none\">, com polo em S\u00e3o Jo\u00e3o da Boa Vista, busca preencher uma vaga para tutor presencial. O profissional ser\u00e1 respons\u00e1vel por acompanhar os estudantes presencialmente, mediando atividades e promovendo intera\u00e7\u00e3o pedag\u00f3gica.<\/span><span data-ccp-props=\"{&quot;134233117&quot;:false,&quot;134233118&quot;:false,&quot;335551550&quot;:0,&quot;335551620&quot;:0,&quot;335557856&quot;:16777215,&quot;335559738&quot;:195,&quot;335559739&quot;:195}\">\u00a0<\/span><\/p>\n<p><b><span data-contrast=\"none\">Requisitos:<\/span><\/b><span data-ccp-props=\"{&quot;134233117&quot;:false,&quot;134233118&quot;:false,&quot;335551550&quot;:0,&quot;335551620&quot;:0,&quot;335557856&quot;:16777215,&quot;335559738&quot;:195,&quot;335559739&quot;:195}\">\u00a0<\/span><\/p>\n<ul>\n<li data-leveltext=\"\uf0b7\" data-font=\"Symbol\" data-listid=\"3\" data-list-defn-props=\"{&quot;335552541&quot;:1,&quot;335559683&quot;:0,&quot;335559684&quot;:-2,&quot;335559685&quot;:720,&quot;335559991&quot;:360,&quot;469769226&quot;:&quot;Symbol&quot;,&quot;469769242&quot;:[8226],&quot;469777803&quot;:&quot;left&quot;,&quot;469777804&quot;:&quot;\uf0b7&quot;,&quot;469777815&quot;:&quot;hybridMultilevel&quot;}\" data-aria-posinset=\"1\" data-aria-level=\"1\"><span data-contrast=\"none\">Licenciatura em Matem\u00e1tica, F\u00edsica, Qu\u00edmica, Ci\u00eancias Naturais ou Computa\u00e7\u00e3o;<\/span><span data-ccp-props=\"{&quot;134233117&quot;:false,&quot;134233118&quot;:false,&quot;335551550&quot;:0,&quot;335551620&quot;:0,&quot;335557856&quot;:16777215,&quot;335559738&quot;:0,&quot;335559739&quot;:0}\">\u00a0<\/span><\/li>\n<\/ul>\n<ul>\n<li data-leveltext=\"\uf0b7\" data-font=\"Symbol\" data-listid=\"3\" data-list-defn-props=\"{&quot;335552541&quot;:1,&quot;335559683&quot;:0,&quot;335559684&quot;:-2,&quot;335559685&quot;:720,&quot;335559991&quot;:360,&quot;469769226&quot;:&quot;Symbol&quot;,&quot;469769242&quot;:[8226],&quot;469777803&quot;:&quot;left&quot;,&quot;469777804&quot;:&quot;\uf0b7&quot;,&quot;469777815&quot;:&quot;hybridMultilevel&quot;}\" data-aria-posinset=\"2\" data-aria-level=\"1\"><span data-contrast=\"none\">Experi\u00eancia no magist\u00e9rio;<\/span><span data-ccp-props=\"{&quot;134233117&quot;:false,&quot;134233118&quot;:false,&quot;335551550&quot;:0,&quot;335551620&quot;:0,&quot;335557856&quot;:16777215,&quot;335559738&quot;:0,&quot;335559739&quot;:0}\">\u00a0<\/span><\/li>\n<\/ul>\n<ul>\n<li data-leveltext=\"\uf0b7\" data-font=\"Symbol\" data-listid=\"3\" data-list-defn-props=\"{&quot;335552541&quot;:1,&quot;335559683&quot;:0,&quot;335559684&quot;:-2,&quot;335559685&quot;:720,&quot;335559991&quot;:360,&quot;469769226&quot;:&quot;Symbol&quot;,&quot;469769242&quot;:[8226],&quot;469777803&quot;:&quot;left&quot;,&quot;469777804&quot;:&quot;\uf0b7&quot;,&quot;469777815&quot;:&quot;hybridMultilevel&quot;}\" data-aria-posinset=\"3\" data-aria-level=\"1\"><span data-contrast=\"none\">Disponibilidade para atuar presencialmente 20 horas semanais.<\/span><span data-ccp-props=\"{&quot;134233117&quot;:false,&quot;134233118&quot;:false,&quot;335551550&quot;:0,&quot;335551620&quot;:0,&quot;335557856&quot;:16777215,&quot;335559738&quot;:0,&quot;335559739&quot;:0}\">\u00a0<\/span><\/li>\n<\/ul>\n<p><b><span data-contrast=\"none\">Benef\u00edcio:<\/span><\/b><span data-contrast=\"none\">\u00a0bolsa no valor de\u00a0R$ 1.100,00.<\/span><span data-ccp-props=\"{&quot;134233117&quot;:false,&quot;134233118&quot;:false,&quot;335551550&quot;:0,&quot;335551620&quot;:0,&quot;335557856&quot;:16777215,&quot;335559738&quot;:195,&quot;335559739&quot;:195}\">\u00a0<\/span><\/p>\n<p><span data-contrast=\"none\">Consulte os editais para detalhes completos sobre requisitos, cronograma e crit\u00e9rios de sele\u00e7\u00e3o. D\u00favidas podem ser enviadas para o e-mail\u00a0<\/span><!-- This email address is being protected from spambots. --><b><span data-contrast=\"none\"><span class=\"cloaked_email ep_ad57c08c\"><span data-ep-b6df0=\"\" data-ep-a2a78=\"uab\"><span data-ep-a2a78=\"@if\" data-ep-b6df0=\".br\"><span data-ep-a2a78=\"sp.\" data-ep-b6df0=\"edu\"\/><\/span><\/span><\/span><\/span><\/b><span class=\"cloaked_email ep_f10b97a2\" style=\"display:none;\"><span data-ep-b6df0=\"\" data-ep-a2a78=\"uab\"><span data-ep-b6df0=\".br\" data-ep-a2a78=\"@if\"><span data-ep-a2a78=\"sp.\" data-ep-b6df0=\"edu\"\/><\/span><\/span><\/span><span data-contrast=\"none\">. <\/span><span data-ccp-props=\"{&quot;134233117&quot;:false,&quot;134233118&quot;:false,&quot;335551550&quot;:0,&quot;335551620&quot;:0,&quot;335557856&quot;:16777215,&quot;335559738&quot;:195,&quot;335559739&quot;:195}\">\u00a0<\/span><\/p>\n<\/div>\n","protected":false},"excerpt":{"rendered":"<p>O IFSP publicou tr\u00eas editais para sele\u00e7\u00e3o de professores formadores e tutores, presenciais e a dist\u00e2ncia, que ir\u00e3o atuar em cursos ofertados no \u00e2mbito do Sistema Universidade Aberta do Brasil (UAB), em parceria com a Capes. As oportunidades abrangem diferentes perfis e \u00e1reas de atua\u00e7\u00e3o, com inscri\u00e7\u00f5es abertas at\u00e9 o dia 24 de janeiro de &#8230; <a title=\"IFSP seleciona professores e tutores para cursos da Universidade Aberta do Brasil (UAB) &#8211; IFSP\" class=\"read-more\" href=\"https:\/\/ubajaranoticias.com.br\/index.php\/2025\/01\/07\/ifsp-seleciona-professores-e-tutores-para-cursos-da-universidade-aberta-do-brasil-uab-ifsp\/\" aria-label=\"Read more about IFSP seleciona professores e tutores para cursos da Universidade Aberta do Brasil (UAB) &#8211; IFSP\">Ler mais<\/a><\/p>\n","protected":false},"author":1,"featured_media":0,"comment_status":"","ping_status":"","sticky":false,"template":"","format":"standard","meta":{"footnotes":""},"categories":[3],"tags":[],"class_list":["post-19356","post","type-post","status-publish","format-standard","hentry","category-noticias"],"amp_enabled":true,"_links":{"self":[{"href":"https:\/\/ubajaranoticias.com.br\/index.php\/wp-json\/wp\/v2\/posts\/19356","targetHints":{"allow":["GET"]}}],"collection":[{"href":"https:\/\/ubajaranoticias.com.br\/index.php\/wp-json\/wp\/v2\/posts"}],"about":[{"href":"https:\/\/ubajaranoticias.com.br\/index.php\/wp-json\/wp\/v2\/types\/post"}],"author":[{"embeddable":true,"href":"https:\/\/ubajaranoticias.com.br\/index.php\/wp-json\/wp\/v2\/users\/1"}],"replies":[{"embeddable":true,"href":"https:\/\/ubajaranoticias.com.br\/index.php\/wp-json\/wp\/v2\/comments?post=19356"}],"version-history":[{"count":0,"href":"https:\/\/ubajaranoticias.com.br\/index.php\/wp-json\/wp\/v2\/posts\/19356\/revisions"}],"wp:attachment":[{"href":"https:\/\/ubajaranoticias.com.br\/index.php\/wp-json\/wp\/v2\/media?parent=19356"}],"wp:term":[{"taxonomy":"category","embeddable":true,"href":"https:\/\/ubajaranoticias.com.br\/index.php\/wp-json\/wp\/v2\/categories?post=19356"},{"taxonomy":"post_tag","embeddable":true,"href":"https:\/\/ubajaranoticias.com.br\/index.php\/wp-json\/wp\/v2\/tags?post=19356"}],"curies":[{"name":"wp","href":"https:\/\/api.w.org\/{rel}","templated":true}]}}