{"id":19355,"date":"2025-01-07T18:35:19","date_gmt":"2025-01-07T21:35:19","guid":{"rendered":"https:\/\/ubajaranoticias.com.br\/index.php\/2025\/01\/07\/parque-arruda-camara-oferece-atividades-recreativas-gratuitas-e-ensinamento-sobre-a-fauna-e-a-flora\/"},"modified":"2025-01-07T18:35:19","modified_gmt":"2025-01-07T21:35:19","slug":"parque-arruda-camara-oferece-atividades-recreativas-gratuitas-e-ensinamento-sobre-a-fauna-e-a-flora","status":"publish","type":"post","link":"https:\/\/ubajaranoticias.com.br\/index.php\/2025\/01\/07\/parque-arruda-camara-oferece-atividades-recreativas-gratuitas-e-ensinamento-sobre-a-fauna-e-a-flora\/","title":{"rendered":"Parque Arruda C\u00e2mara oferece atividades recreativas gratuitas e ensinamento sobre a fauna e a flora"},"content":{"rendered":"<p><\/p>\n<div>\n<p>O Parque Zoobot\u00e2nico Arruda C\u00e2mara (Bica) iniciou, nesta ter\u00e7a-feira (7), a primeira edi\u00e7\u00e3o de 2025 do projeto \u2018F\u00e9rias no Parque\u2019. As atividades, que se estendem at\u00e9 o dia 31 de janeiro, nos turnos da manh\u00e3 e tarde, s\u00e3o gratuitas e atra\u00edram diversos pais que foram compartilhar do aprendizado sobre a fauna e a flora com os filhos, aproveitando as f\u00e9rias escolares do in\u00edcio do ano. <\/p>\n<figure class=\"wp-block-gallery has-nested-images columns-default is-cropped wp-block-gallery-1 is-layout-flex wp-block-gallery-is-layout-flex\">\n<figure class=\"wp-block-image size-large\"><\/figure>\n<figure class=\"wp-block-image size-large\"><\/figure>\n<figure class=\"wp-block-image size-large\"><\/figure>\n<figure class=\"wp-block-image size-large\"><\/figure>\n<figure class=\"wp-block-image size-large\"><\/figure>\n<figure class=\"wp-block-image size-large\"><\/figure>\n<\/figure>\n<p>A programa\u00e7\u00e3o organizada pela Prefeitura de Jo\u00e3o Pessoa, por meio da Secretaria de Meio Ambiente (Semam), foi aberta \u00e0s 8h30, com a exposi\u00e7\u00e3o \u2018Passarinhar\u2019, com p\u00e1ssaros empalhados, como aves de rapina e bacurau, al\u00e9m de ovos de ema e outros tipos, onde os participantes puderam aprender ou aprofundar seus conhecimentos sobre a diversidade das aves brasileiras e a Mata Atl\u00e2ntica.<\/p>\n<p>A dona de casa Ana Val\u00e9ria Gomes, moradora do bairro Valentina Figueiredo, j\u00e1 participa do projeto \u2018F\u00e9rias no Parque\u2019 h\u00e1 alguns anos e voltou a colocar a atividade na agenda de lazer com os tr\u00eas filhos, de 2, 9 e 13 anos. Ela disse que descobriu sobre o projeto atrav\u00e9s das redes sociais e, desde ent\u00e3o, n\u00e3o perde uma edi\u00e7\u00e3o.<\/p>\n<p>\u201cAcho essa a\u00e7\u00e3o muito importante tanto para meus filhos quanto para mim. Eu, por exemplo, descobri coisas na Bica sobre a natureza e os animais que n\u00e3o sabia que existiam, como por exemplo um ninho de formiga praticamente parecido como o do cupim e uma trilha maravilhosa pela mata\u201d, destacou.<\/p>\n<p>Continuando, ela explica que ficou abismada com o que aprendeu junto com os filhos e continua aprendendo. \u201cFiquei maravilhada porque eu vinha sempre aqui e n\u00e3o sabia desse potencial todo. Eu n\u00e3o sabia praticamente nada, s\u00f3 passeava e admirava as atra\u00e7\u00f5es, agora sei um pouco sobre cada um ser vivo que est\u00e1 aqui e meus filhos est\u00e3o adorando o aprendizado. \u00c9 um projeto que chega de forma gratuita \u00e0 popula\u00e7\u00e3o e isso \u00e9 muito bom\u201d, finalizou.<\/p>\n<figure class=\"wp-block-gallery has-nested-images columns-default is-cropped wp-block-gallery-2 is-layout-flex wp-block-gallery-is-layout-flex\">\n<figure class=\"wp-block-image size-large\"><\/figure>\n<figure class=\"wp-block-image size-large\"><\/figure>\n<figure class=\"wp-block-image size-large\"><\/figure>\n<\/figure>\n<p>Para o oficial de Justi\u00e7a Max Veras, morador do bairro Jardim Oceania, \u00e9 bom aprender em fam\u00edlia sobre a natureza e cada ser que habita nela. \u201cEsse \u00e9 o segundo ano que venho com minha esposa e meu filho de 8 anos e adoramos, principalmente porque \u00e9 uma visita guiada por bi\u00f3logos e educadores ambientais que entendem e passam esse ensinamento para a gente. Aprender em fam\u00edlia com os olhos de quem entende e mostra todos os detalhes da vida na natureza \u00e9 perfeito\u201d, afirmou.<\/p>\n<p>A professora Aline Fonseca reside no Bessa e j\u00e1 participou junto com a filha de 9 anos da edi\u00e7\u00e3o de julho e disse que recebe o projeto como um presente para um aprendizado em fam\u00edlia sobre a natureza. \u201c\u00c9 uma experi\u00eancia muito boa, enriquecedora, com muitas atividades educativas que conscientizam n\u00f3s adultos e, principalmente, as crian\u00e7as sobre a prote\u00e7\u00e3o do meio ambiente, dos animais. \u00c9 um projeto importante para o desenvolvimento delas\u201d, pontuou.\u00a0\u00a0\u00a0\u00a0<\/p>\n<p>As atividades no hor\u00e1rio da manh\u00e3 come\u00e7am sempre \u00e0s 8h30 e v\u00e3o at\u00e9 as 10h30 e, \u00e0 tarde, iniciam \u00e0s 14h e v\u00e3o at\u00e9 16h. Na programa\u00e7\u00e3o constam brincadeiras como domin\u00f3 de animais, oficina de brinquedos ecol\u00f3gicos, trilha da biodiversidade com observa\u00e7\u00e3o do banho de sol dos r\u00e9pteis e conhecimento sobre os mam\u00edferos e animais ex\u00f3ticos, al\u00e9m de piquenique, visita ao museu e outras a\u00e7\u00f5es.<\/p>\n<figure class=\"wp-block-gallery has-nested-images columns-default is-cropped wp-block-gallery-3 is-layout-flex wp-block-gallery-is-layout-flex\">\n<figure class=\"wp-block-image size-large\"><\/figure>\n<figure class=\"wp-block-image size-large\"><\/figure>\n<figure class=\"wp-block-image size-large\"><\/figure>\n<figure class=\"wp-block-image size-large\"><\/figure>\n<figure class=\"wp-block-image size-large\"><\/figure>\n<\/figure>\n<p>A diretora do Parque Arruda C\u00e2mara, Milenna Sim\u00f5es, ressalta que durante todo o m\u00eas ser\u00e3o realizadas atividades diversas, das 8h30 at\u00e9 as 16h, com pausa apenas para o almo\u00e7o. \u201cA a\u00e7\u00e3o \u00e9 gratuita aos visitantes, mas as vagas s\u00e3o limitadas e destinadas por ordem de chegada. \u00c9 necess\u00e1rio apenas o pagamento da taxa ambiental de entrada, que custa tr\u00eas reais\u201d, destacou.<\/p>\n<p><strong>Servi\u00e7o \u2013<\/strong> O Parque Arruda C\u00e2mara abre de ter\u00e7a-feira a domingo, das 8h \u00e0s 17h, com entrada at\u00e9 16h, e taxa ambiental de R$ 3. Crian\u00e7as com at\u00e9 7 anos, pessoas com defici\u00eancia e idosos acima de 60 anos n\u00e3o pagam a taxa.<\/p>\n<\/p><\/div>\n","protected":false},"excerpt":{"rendered":"<p>O Parque Zoobot\u00e2nico Arruda C\u00e2mara (Bica) iniciou, nesta ter\u00e7a-feira (7), a primeira edi\u00e7\u00e3o de 2025 do projeto \u2018F\u00e9rias no Parque\u2019. As atividades, que se estendem at\u00e9 o dia 31 de janeiro, nos turnos da manh\u00e3 e tarde, s\u00e3o gratuitas e atra\u00edram diversos pais que foram compartilhar do aprendizado sobre a fauna e a flora com &#8230; <a title=\"Parque Arruda C\u00e2mara oferece atividades recreativas gratuitas e ensinamento sobre a fauna e a flora\" class=\"read-more\" href=\"https:\/\/ubajaranoticias.com.br\/index.php\/2025\/01\/07\/parque-arruda-camara-oferece-atividades-recreativas-gratuitas-e-ensinamento-sobre-a-fauna-e-a-flora\/\" aria-label=\"Read more about Parque Arruda C\u00e2mara oferece atividades recreativas gratuitas e ensinamento sobre a fauna e a flora\">Ler mais<\/a><\/p>\n","protected":false},"author":1,"featured_media":0,"comment_status":"","ping_status":"","sticky":false,"template":"","format":"standard","meta":{"footnotes":""},"categories":[3],"tags":[],"class_list":["post-19355","post","type-post","status-publish","format-standard","hentry","category-noticias"],"amp_enabled":true,"_links":{"self":[{"href":"https:\/\/ubajaranoticias.com.br\/index.php\/wp-json\/wp\/v2\/posts\/19355","targetHints":{"allow":["GET"]}}],"collection":[{"href":"https:\/\/ubajaranoticias.com.br\/index.php\/wp-json\/wp\/v2\/posts"}],"about":[{"href":"https:\/\/ubajaranoticias.com.br\/index.php\/wp-json\/wp\/v2\/types\/post"}],"author":[{"embeddable":true,"href":"https:\/\/ubajaranoticias.com.br\/index.php\/wp-json\/wp\/v2\/users\/1"}],"replies":[{"embeddable":true,"href":"https:\/\/ubajaranoticias.com.br\/index.php\/wp-json\/wp\/v2\/comments?post=19355"}],"version-history":[{"count":0,"href":"https:\/\/ubajaranoticias.com.br\/index.php\/wp-json\/wp\/v2\/posts\/19355\/revisions"}],"wp:attachment":[{"href":"https:\/\/ubajaranoticias.com.br\/index.php\/wp-json\/wp\/v2\/media?parent=19355"}],"wp:term":[{"taxonomy":"category","embeddable":true,"href":"https:\/\/ubajaranoticias.com.br\/index.php\/wp-json\/wp\/v2\/categories?post=19355"},{"taxonomy":"post_tag","embeddable":true,"href":"https:\/\/ubajaranoticias.com.br\/index.php\/wp-json\/wp\/v2\/tags?post=19355"}],"curies":[{"name":"wp","href":"https:\/\/api.w.org\/{rel}","templated":true}]}}