{"id":19233,"date":"2025-01-01T14:47:18","date_gmt":"2025-01-01T17:47:18","guid":{"rendered":"https:\/\/ubajaranoticias.com.br\/index.php\/2025\/01\/01\/poder-executivo-toma-posse-na-camara-municipal-e-anuncia-12-primeiros-atos-do-mandato-2025-2028-agencia-de-noticias\/"},"modified":"2025-01-01T14:47:18","modified_gmt":"2025-01-01T17:47:18","slug":"poder-executivo-toma-posse-na-camara-municipal-e-anuncia-12-primeiros-atos-do-mandato-2025-2028-agencia-de-noticias","status":"publish","type":"post","link":"https:\/\/ubajaranoticias.com.br\/index.php\/2025\/01\/01\/poder-executivo-toma-posse-na-camara-municipal-e-anuncia-12-primeiros-atos-do-mandato-2025-2028-agencia-de-noticias\/","title":{"rendered":"Poder Executivo toma posse na C\u00e2mara Municipal e anuncia 12 primeiros atos do mandato 2025-2028 \u2013 Ag\u00eancia de Not\u00edcias"},"content":{"rendered":"<p><\/p>\n<div wp_automatic_readability=\"229\">\n<p><em>Fotos: Renata Giron<\/em><\/p>\n<p>O prefeito reeleito Rodrigo Manga (Republicanos) e o vice-prefeito Fernando Martins (PSD) foram empossados durante cerim\u00f4nia nesta quarta-feira (1\u00ba), na C\u00e2mara de Sorocaba, assim como o secretariado municipal e os 25 vereadores para a gest\u00e3o 2024-2028. Na ocasi\u00e3o, o Chefe do Executivo Municipal, anunciou os 12 primeiros atos do seu segundo mandato \u00e0 frente da Prefeitura.<\/p>\n<p>Durante a sess\u00e3o, tanto o prefeito como o vice entregaram suas respectivas declara\u00e7\u00f5es de bens e prestaram o juramento de posse (termo de compromisso) no Legislativo. Em seu discurso de posse, Manga fez quest\u00e3o de citar cada um dos 25 vereadores eleitos e disse que mais uma vez vive um momento \u00fanico na hist\u00f3ria de Sorocaba, falando sobre suas expectativas e planos de seu mandato.<\/p>\n<p>\u201cVamos continuar com essa miss\u00e3o de ter o bom relacionamento com a C\u00e2mara (\u2026) e temos um grande objetivo de lutar pela revis\u00e3o do Pacto Federativo, que impacta em cada munic\u00edpio, para que podemos trazer mais recursos para melhor atender a popula\u00e7\u00e3o\u201d, pontuou Rodrigo Manga, pouco antes de receber a faixa de prefeito eleito, pela primeira-dama, Sirlange Frate Maganhato.<\/p>\n<p>Na sequ\u00eancia, Rodrigo Manga assinou of\u00edcios que pontuam cada uma das novas iniciativas que ser\u00e3o implementadas com prioridade pela Administra\u00e7\u00e3o Municipal. S\u00e3o elas:<\/p>\n<p>1 \u2013 Fica implementado, por meio de dois decretos, o passe livre para os estudantes de Sorocaba, com o objetivo de garantir que crian\u00e7as e jovens da cidade tenham pleno acesso ao sistema educacional, promovendo igualdade de oportunidades e facilitando sua mobilidade.<\/p>\n<p>2 \u2013 Convoca\u00e7\u00e3o de 300 candidatos aprovados no Concurso da Guarda Civil Municipal (GCM), para o quadri\u00eanio 2025-2028, sendo que, destes, 100 dever\u00e3o iniciar as atividades no primeiro trimestre de 2025. Al\u00e9m disso, a cria\u00e7\u00e3o de cinco novas bases operacionais da GCM, conforme demanda identificada com base em dados estat\u00edsticos de \u00f3rg\u00e3os durante o novo mandato, sendo que as duas primeiras bases dever\u00e3o ser instaladas nos bairros do \u00c9den e Aparecidinha, j\u00e1 em 2025.<\/p>\n<p>3 \u2013 Fica determinado o in\u00edcio das obras do Programa Sorocaba Tem Pressa 2. Entre os empreendimentos previstos est\u00e3o o Trecho 1 da Marginal Direita do Rio Sorocaba, a constru\u00e7\u00e3o de ponte entre a Rua Arthur Bernardes e a Avenida Quinze de Agosto, e um complexo vi\u00e1rio entre os bairros Parque S\u00e3o Bento e Residencial Carand\u00e1, entre outras obras.<\/p>\n<p>4 \u2013 Abertura de tr\u00eas novos Pronto-Atendimentos, conforme demanda e as proje\u00e7\u00f5es da Secretaria da Sa\u00fade para quadri\u00eanio 2025-2028. O primeiro deles dever\u00e1 ser instalado no Parque Vit\u00f3ria R\u00e9gia, em 2025.<\/p>\n<p>5 \u2013 Disponibiliza\u00e7\u00e3o, a todos os alunos da rede municipal, do kit escolar contendo uniforme, material e mochila.<\/p>\n<p>6 \u2013 In\u00edcio imediato dos tr\u00e2mites administrativos para que, no in\u00edcio do ano letivo de 2026, sejam inclu\u00eddos na composi\u00e7\u00e3o do kit escolar os cal\u00e7ados (t\u00eanis) para todos os alunos da rede municipal de ensino.<\/p>\n<p>7 \u2013 Cria\u00e7\u00e3o do Centro de Atendimento a Mulher, em parceria com a Secretaria da Sa\u00fade, com a miss\u00e3o de centralizar os servi\u00e7os de sa\u00fade, assist\u00eancia psicossocial e orienta\u00e7\u00e3o jur\u00eddica, entre outros essenciais para as mulheres.<\/p>\n<p>8 \u2013 Cria\u00e7\u00e3o do Centro de Autismo e Inclus\u00e3o Social, em parceria com as Secretarias da Sa\u00fade (SES) e da Educa\u00e7\u00e3o (Sedu), com a finalidade de oferecer servi\u00e7os voltados \u00e0 sa\u00fade, integra\u00e7\u00e3o social e apoio psicossocial, tanto para as pessoas com transtorno do Espectro Autista (TEA), quanto para os seus familiares.<\/p>\n<p>9 \u2013 Cria\u00e7\u00e3o do Programa Vale-Social, destinado a conceder aux\u00edlio financeiro aos familiares que precisam interromper suas atividades profissionais para dedicar-se integralmente ao cuidado de um parente dependente. O benef\u00edcio abranger\u00e1 o cuidador de pessoas idosas e\/ou com defici\u00eancia, conforme crit\u00e9rios que definidos pela pasta.<\/p>\n<p>10 \u2013 Fica determinado que a Cl\u00ednica Veterin\u00e1ria P\u00fablica do Munic\u00edpio de Sorocaba seja entregue oficialmente no primeiro semestre de 2025, proporcionando \u00e0 popula\u00e7\u00e3o uma estrutura adequada e profissionais capacitados para atender a demanda crescente por servi\u00e7os veterin\u00e1rios, garantindo assim, o cuidado essencial aos animais.<\/p>\n<p>11 \u2013 Compromisso com a juventude de Sorocaba, a fim de implementar iniciativas que aprimorem a educa\u00e7\u00e3o e a forma\u00e7\u00e3o profissional. Fica determinada a cria\u00e7\u00e3o do Projeto Cria Sorocaba\u201d, para oferecer espa\u00e7o que integre novas tecnologias e profiss\u00f5es emergentes da era digital. Esse local dever\u00e1 contar com infraestrutura necess\u00e1ria para estimular a criatividade.<\/p>\n<p>12 \u2013 Implementa\u00e7\u00e3o do \u201cPrograma F\u00e9rias Quentes\u201d, que dever\u00e1 contar com: piscina, atividades esportivas (como futebol e v\u00f4lei) e oficinas de recrea\u00e7\u00e3o, das Secretarias de Esportes e Qualidade de Vida (Sequav) e de Educa\u00e7\u00e3o (Sedu), entre outras. Mais a entrega de lanches do McDonalds, em parceria com a iniciativa privada.<\/p>\n<p>\u00a0<\/p>\n<p>Secret\u00e1rios municipais e l\u00edderes de governo<\/p>\n<p>Terminada a sess\u00e3o de posse na C\u00e2mara, os secret\u00e1rios municipais do novo mandato do Executivo foram nomeados aos seus respectivos cargos, durante ato no gabinete do prefeito. O secretariado \u00e9 composto por titulares de 22 pastas da administra\u00e7\u00e3o p\u00fablica, mais os respons\u00e1veis pela Urbes \u2013 Tr\u00e2nsito e Transportes, Servi\u00e7o Aut\u00f4nomo de \u00c1gua e Esgoto (Saae), Parque Tecnol\u00f3gico de Sorocaba (PTS), Controladoria Geral do Munic\u00edpio e Fundo Social de Solidariedade.<\/p>\n<p>O secretariado municipal est\u00e1 formado por Am\u00e1lia Samyra Toledo (Secretaria de Governo), Fernando Marques da Silva Filho (Secretaria de Gabinete Central), Douglas Domingos de Moraes (Secretaria Jur\u00eddica), Lucas Pedrozo (Secretaria de Comunica\u00e7\u00e3o), Marcelo Duarte Regalado (Secretaria da Fazenda e interino na Secretaria de Administra\u00e7\u00e3o), Fl\u00e1vio Nelson da Costa Chaves (Chefia de Gabinete do Poder Executivo), Maur\u00edcio Augusto Coimbra Campanati (Secretaria de Planejamento), Cl\u00e9ber Martins Fernandes da Costa (Secretaria de Recursos Humanos), Luiz Henrique Galv\u00e3o (Secretaria de Rela\u00e7\u00f5es Institucionais e Metropolitanas), Ana Cl\u00e1udia Martini Fauaz (Secretaria da Cidadania), Darwin Jos\u00e9 de Almeida Rosa (Secretaria de Servi\u00e7os P\u00fablicos e Obras), Lu\u00eds Ant\u00f4nio Zamuner (Secretaria da Cultura), Bruno Santana (Secretaria de Desenvolvimento Econ\u00f4mico e Turismo), Clayton C\u00e9sar Marciel Lustosa (Secretaria de Educa\u00e7\u00e3o), V\u00edtor Hugo Tavares (Secretaria de Esporte e Qualidade de Vida), Tiago da Guia Oliveira (Secretaria de Habita\u00e7\u00e3o e Regulariza\u00e7\u00e3o Fundi\u00e1ria), Alfeu Malavazzi Neto (Secretaria do Meio Ambiente, Prote\u00e7\u00e3o e Bem-Estar Animal), Carlos Eduardo Paschoini (Secretaria de Mobilidade), Luiz Carlos Siqueira Franchin (Secretaria de rela\u00e7\u00f5es do Trabalho e Qualifica\u00e7\u00e3o Profissional), Magno Sauter (Secretaria da Sa\u00fade), Jo\u00e3o Alberto Corr\u00eaa Maia (Secretaria de Seguran\u00e7a Urbana), Carlos Alberto de Lima Rocco J\u00fanior (Controladoria Geral do Munic\u00edpio), Glauco Foga\u00e7a (Saae\/Sorocaba), Sergio Barreto (Urbes), Nelson Tadeu Cancellara (Parque Tecnol\u00f3gico de Sorocaba) e Sirlange Frate Maganhato (Fundo Social de Solidariedade).<\/p>\n<p>Em contrapartida, a lideran\u00e7a do Governo Municipal na C\u00e2mara permanecer\u00e1 do vereador Jo\u00e3o Donizete, tendo como vice-l\u00edder, Cristiano Passos. Por sua vez, a Mesa Diretora do Legislativo Municipal, pelos pr\u00f3ximos dois anos, conforme vota\u00e7\u00e3o em plen\u00e1rio, foi formada pelo vereador Lu\u00eds Santos, como presidente, e Caio Oliveira, como 1\u00ba vice-presidente. Cl\u00e1udio Sorocaba \u00e9 o 2\u00ba vice-presidente; Cristiano Passos, o 3\u00ba vice-presidente; Fausto Peres, o 1\u00ba secret\u00e1rio; Jo\u00e3o Donizete \u00e9 o 2\u00ba secret\u00e1rio e F\u00e1bio Simoa, o 3\u00ba secret\u00e1rio.<\/p>\n<p>\u201c\u00c9 importante reconhecer o trabalho de cada secret\u00e1rio. Eles entenderam a miss\u00e3o de atender a cidade e os resultados positivos conquistados no nosso primeiro mandato muito se devem ao empenho, capacidade t\u00e9cnica e dedica\u00e7\u00e3o de cada um deles. O mesmo compromisso vai se manter neste segundo mandato e muitas coisas boas est\u00e3o por vir\u201d, complementou o prefeito Rodrigo Manga, que ainda participou de um ato de f\u00e9 no estacionamento do Pa\u00e7o, na tarde desta quarta-feira.<\/p>\n<p><!-- Root element of PhotoSwipe. Must have class pswp. --><\/p><\/div>\n","protected":false},"excerpt":{"rendered":"<p>Fotos: Renata Giron O prefeito reeleito Rodrigo Manga (Republicanos) e o vice-prefeito Fernando Martins (PSD) foram empossados durante cerim\u00f4nia nesta quarta-feira (1\u00ba), na C\u00e2mara de Sorocaba, assim como o secretariado municipal e os 25 vereadores para a gest\u00e3o 2024-2028. Na ocasi\u00e3o, o Chefe do Executivo Municipal, anunciou os 12 primeiros atos do seu segundo mandato &#8230; <a title=\"Poder Executivo toma posse na C\u00e2mara Municipal e anuncia 12 primeiros atos do mandato 2025-2028 \u2013 Ag\u00eancia de Not\u00edcias\" class=\"read-more\" href=\"https:\/\/ubajaranoticias.com.br\/index.php\/2025\/01\/01\/poder-executivo-toma-posse-na-camara-municipal-e-anuncia-12-primeiros-atos-do-mandato-2025-2028-agencia-de-noticias\/\" aria-label=\"Read more about Poder Executivo toma posse na C\u00e2mara Municipal e anuncia 12 primeiros atos do mandato 2025-2028 \u2013 Ag\u00eancia de Not\u00edcias\">Ler mais<\/a><\/p>\n","protected":false},"author":1,"featured_media":0,"comment_status":"","ping_status":"","sticky":false,"template":"","format":"standard","meta":{"footnotes":""},"categories":[3],"tags":[],"class_list":["post-19233","post","type-post","status-publish","format-standard","hentry","category-noticias"],"amp_enabled":true,"_links":{"self":[{"href":"https:\/\/ubajaranoticias.com.br\/index.php\/wp-json\/wp\/v2\/posts\/19233","targetHints":{"allow":["GET"]}}],"collection":[{"href":"https:\/\/ubajaranoticias.com.br\/index.php\/wp-json\/wp\/v2\/posts"}],"about":[{"href":"https:\/\/ubajaranoticias.com.br\/index.php\/wp-json\/wp\/v2\/types\/post"}],"author":[{"embeddable":true,"href":"https:\/\/ubajaranoticias.com.br\/index.php\/wp-json\/wp\/v2\/users\/1"}],"replies":[{"embeddable":true,"href":"https:\/\/ubajaranoticias.com.br\/index.php\/wp-json\/wp\/v2\/comments?post=19233"}],"version-history":[{"count":0,"href":"https:\/\/ubajaranoticias.com.br\/index.php\/wp-json\/wp\/v2\/posts\/19233\/revisions"}],"wp:attachment":[{"href":"https:\/\/ubajaranoticias.com.br\/index.php\/wp-json\/wp\/v2\/media?parent=19233"}],"wp:term":[{"taxonomy":"category","embeddable":true,"href":"https:\/\/ubajaranoticias.com.br\/index.php\/wp-json\/wp\/v2\/categories?post=19233"},{"taxonomy":"post_tag","embeddable":true,"href":"https:\/\/ubajaranoticias.com.br\/index.php\/wp-json\/wp\/v2\/tags?post=19233"}],"curies":[{"name":"wp","href":"https:\/\/api.w.org\/{rel}","templated":true}]}}