{"id":18719,"date":"2024-12-17T16:29:19","date_gmt":"2024-12-17T19:29:19","guid":{"rendered":"https:\/\/ubajaranoticias.com.br\/index.php\/2024\/12\/17\/que-horas-comeca-sessao-da-tarde-e-mania-de-voce-18\/"},"modified":"2024-12-17T16:29:19","modified_gmt":"2024-12-17T19:29:19","slug":"que-horas-comeca-sessao-da-tarde-e-mania-de-voce-18","status":"publish","type":"post","link":"https:\/\/ubajaranoticias.com.br\/index.php\/2024\/12\/17\/que-horas-comeca-sessao-da-tarde-e-mania-de-voce-18\/","title":{"rendered":"QUE HORAS COME\u00c7A Sess\u00e3o da Tarde e Mania de Voc\u00ea?"},"content":{"rendered":"<p> Por MRNews<br \/>\n<\/p>\n<div id=\"the-post\">\n<p>\t\t<!-- .share-buttons \/--><\/p>\n<div class=\"entry-content entry clearfix\" wp_automatic_readability=\"51.40890316659\">\n<p>A Rede Globo de Televis\u00e3o divulgou sua grade desta<strong> semana. FILMES, NOVELAS E JORNALISMO<\/strong>\u00a0e toda a grade de programa\u00e7\u00e3o <strong>de hoje, 19\/12.<\/strong><\/p>\n<p>Quinta-feira, 19\/12\/2024<\/p>\n<p>04:00 Hora Um<\/p>\n<p>06:00 Bom Dia Pra\u00e7a<\/p>\n<p>08:30 Bom Dia Brasil<\/p>\n<p>09:30 Encontro Com Patr\u00edcia Poeta<\/p>\n<p>10:35 Mais Voc\u00ea<\/p>\n<p>11:45 Pra\u00e7a TV \u2013 1\u00aa Edi\u00e7\u00e3o<\/p>\n<p>13:00 Globo Esporte<\/p>\n<p>13:25 Jornal Hoje<\/p>\n<p>14:45 Edi\u00e7\u00e3o Especial \u2013 Cabocla<\/p>\n<p>15:25 Sess\u00e3o da Tarde \u2013 Algu\u00e9m Avisa?<\/p>\n<p>17:05 Vale a Pena Ver de Novo \u2013 Tieta<\/p>\n<p>18:25 Garota do Momento<\/p>\n<p>19:10 Pra\u00e7a TV \u2013 2\u00aa Edi\u00e7\u00e3o<\/p>\n<p>19:40 Volta Por Cima<\/p>\n<p>20:30 Jornal Nacional<\/p>\n<p>21:20 Mania de Voc\u00ea<\/p>\n<p>22:25 Rensga Hits!<\/p>\n<p>23:10 The Good Doctor: O Bom Doutor<\/p>\n<p>00:35 Jornal da Globo<\/p>\n<p>01:25 Volta Por Cima<\/p>\n<p>02:10 Com\u00e9dia Na Madruga I<\/p>\n<p>03:00 Com\u00e9dia Na Madruga<\/p>\n<h3>Programa\u00e7\u00e3o Globo para Quinta-feira, 19 de dezembro de 2024<\/h3>\n<p>Confira a programa\u00e7\u00e3o completa da TV Globo para esta quinta-feira, com destaque para novelas cl\u00e1ssicas, filmes e s\u00e9ries renomadas. Prepare-se para um dia repleto de entretenimento e informa\u00e7\u00e3o.<\/p>\n<hr\/>\n<h4><strong>Manh\u00e3<\/strong><\/h4>\n<ul>\n<li><strong>04:00 \u2013 Hora Um<\/strong><br \/>Comece o dia bem informado com as principais not\u00edcias do Brasil e do mundo.<\/li>\n<li><strong>06:00 \u2013 Bom Dia Pra\u00e7a<\/strong><br \/>Informa\u00e7\u00f5es regionais para come\u00e7ar a manh\u00e3 conectado com sua cidade.<\/li>\n<li><strong>08:30 \u2013 Bom Dia Brasil<\/strong><br \/>Destaques do cen\u00e1rio nacional e internacional com an\u00e1lises e reportagens exclusivas.<\/li>\n<li><strong>09:30 \u2013 Encontro Com Patr\u00edcia Poeta<\/strong><br \/>Patr\u00edcia Poeta traz debates sobre temas atuais, convidados especiais e hist\u00f3rias emocionantes.<\/li>\n<li><strong>10:35 \u2013 Mais Voc\u00ea<\/strong><br \/>Ana Maria Braga e Louro Man\u00e9 apresentam receitas, entrevistas e tend\u00eancias.<\/li>\n<li><strong>11:45 \u2013 Pra\u00e7a TV \u2013 1\u00aa Edi\u00e7\u00e3o<\/strong><br \/>As not\u00edcias da sua regi\u00e3o com detalhes sobre o que acontece perto de voc\u00ea.<\/li>\n<\/ul>\n<hr\/>\n<h4><strong>Tarde<\/strong><\/h4>\n<ul>\n<li><strong>13:00 \u2013 Globo Esporte<\/strong><br \/>As \u00faltimas novidades do mundo esportivo, com foco nas competi\u00e7\u00f5es nacionais e internacionais.<\/li>\n<li><strong>13:25 \u2013 Jornal Hoje<\/strong><br \/>Acompanhe os principais acontecimentos do dia com an\u00e1lises e reportagens.<\/li>\n<li><strong>14:45 \u2013 Edi\u00e7\u00e3o Especial \u2013 <em>Cabocla<\/em><\/strong><br \/>Relembre o cl\u00e1ssico que conquistou o Brasil, com Zuca (Vanessa Gi\u00e1como) e Luis Jer\u00f4nimo (Daniel de Oliveira).<\/li>\n<li><strong>15:25 \u2013 Sess\u00e3o da Tarde \u2013 <em>Algu\u00e9m Avisa?<\/em><\/strong><br \/>Uma divertida com\u00e9dia rom\u00e2ntica para alegrar sua tarde.<\/li>\n<li><strong>17:05 \u2013 Vale a Pena Ver de Novo \u2013 <em>Tieta<\/em><\/strong><br \/>A novela ic\u00f4nica de Aguinaldo Silva retorna com toda a energia da personagem vivida por Betty Faria.<\/li>\n<\/ul>\n<hr\/>\n<h4><strong>Noite<\/strong><\/h4>\n<ul>\n<li><strong>18:25 \u2013 Garota do Momento<\/strong><br \/>A trama jovem da Globo segue surpreendendo com hist\u00f3rias envolventes e conflitos atuais.<\/li>\n<li><strong>19:10 \u2013 Pra\u00e7a TV \u2013 2\u00aa Edi\u00e7\u00e3o<\/strong><br \/>As \u00faltimas not\u00edcias do dia na sua regi\u00e3o.<\/li>\n<li><strong>19:40 \u2013 Volta Por Cima<\/strong><br \/>A novela das sete aborda supera\u00e7\u00e3o e recome\u00e7os, com momentos de emo\u00e7\u00e3o e leveza.<\/li>\n<li><strong>20:30 \u2013 Jornal Nacional<\/strong><br \/>Os fatos mais relevantes do dia, com credibilidade e aprofundamento.<\/li>\n<li><strong>21:20 \u2013 Mania de Voc\u00ea<\/strong><br \/>A novela das nove esquenta com trai\u00e7\u00f5es e revela\u00e7\u00f5es que prometem surpreender o p\u00fablico.<\/li>\n<li><strong>22:25 \u2013 Rensga Hits!<\/strong><br \/>Muita m\u00fasica e drama na s\u00e9rie que mergulha no universo do sertanejo.<\/li>\n<li><strong>23:10 \u2013 The Good Doctor: O Bom Doutor<\/strong><br \/>Epis\u00f3dios in\u00e9ditos do drama m\u00e9dico que conquistou os espectadores.<\/li>\n<\/ul>\n<hr\/>\n<h4><strong>Madrugada<\/strong><\/h4>\n<ul>\n<li><strong>00:35 \u2013 Jornal da Globo<\/strong><br \/>Resumo das principais not\u00edcias do dia e an\u00e1lises detalhadas.<\/li>\n<li><strong>01:25 \u2013 Volta Por Cima (Reprise)<\/strong><br \/>Confira novamente o epis\u00f3dio do dia da novela das sete.<\/li>\n<li><strong>02:10 \u2013 Com\u00e9dia Na Madruga I<\/strong><br \/>Programas humor\u00edsticos para fechar o dia com boas risadas.<\/li>\n<li><strong>03:00 \u2013 Com\u00e9dia Na Madruga II<\/strong><br \/>Mais divers\u00e3o com cl\u00e1ssicos do humor.<\/li>\n<\/ul>\n<hr\/>\n<h3>Destaques do dia:<\/h3>\n<ul>\n<li><strong>Vale a Pena Ver de Novo \u2013 <em>Tieta<\/em><\/strong>: A reprise de um dos maiores sucessos da teledramaturgia brasileira.<\/li>\n<li><strong>Sess\u00e3o da Tarde \u2013 <em>Algu\u00e9m Avisa?<\/em><\/strong>: Um filme leve e divertido para toda a fam\u00edlia.<\/li>\n<li><strong>Mania de Voc\u00ea<\/strong>: Novela das nove promete fortes emo\u00e7\u00f5es com revela\u00e7\u00f5es impactantes.<\/li>\n<\/ul>\n<p>Aproveite o melhor da programa\u00e7\u00e3o Globo!<\/p>\n<p><!-- CONTENT END 2 --><\/p><\/div>\n<p><!-- .entry-content \/--><\/p>\n<p>\t\t<!-- .share-buttons \/--><\/p><\/div>\n","protected":false},"excerpt":{"rendered":"<p>Por MRNews A Rede Globo de Televis\u00e3o divulgou sua grade desta semana. FILMES, NOVELAS E JORNALISMO\u00a0e toda a grade de programa\u00e7\u00e3o de hoje, 19\/12. Quinta-feira, 19\/12\/2024 04:00 Hora Um 06:00 Bom Dia Pra\u00e7a 08:30 Bom Dia Brasil 09:30 Encontro Com Patr\u00edcia Poeta 10:35 Mais Voc\u00ea 11:45 Pra\u00e7a TV \u2013 1\u00aa Edi\u00e7\u00e3o 13:00 Globo Esporte 13:25 &#8230; <a title=\"QUE HORAS COME\u00c7A Sess\u00e3o da Tarde e Mania de Voc\u00ea?\" class=\"read-more\" href=\"https:\/\/ubajaranoticias.com.br\/index.php\/2024\/12\/17\/que-horas-comeca-sessao-da-tarde-e-mania-de-voce-18\/\" aria-label=\"Read more about QUE HORAS COME\u00c7A Sess\u00e3o da Tarde e Mania de Voc\u00ea?\">Ler mais<\/a><\/p>\n","protected":false},"author":1,"featured_media":0,"comment_status":"","ping_status":"","sticky":false,"template":"","format":"standard","meta":{"footnotes":""},"categories":[1],"tags":[],"class_list":["post-18719","post","type-post","status-publish","format-standard","hentry","category-blog"],"amp_enabled":true,"_links":{"self":[{"href":"https:\/\/ubajaranoticias.com.br\/index.php\/wp-json\/wp\/v2\/posts\/18719","targetHints":{"allow":["GET"]}}],"collection":[{"href":"https:\/\/ubajaranoticias.com.br\/index.php\/wp-json\/wp\/v2\/posts"}],"about":[{"href":"https:\/\/ubajaranoticias.com.br\/index.php\/wp-json\/wp\/v2\/types\/post"}],"author":[{"embeddable":true,"href":"https:\/\/ubajaranoticias.com.br\/index.php\/wp-json\/wp\/v2\/users\/1"}],"replies":[{"embeddable":true,"href":"https:\/\/ubajaranoticias.com.br\/index.php\/wp-json\/wp\/v2\/comments?post=18719"}],"version-history":[{"count":0,"href":"https:\/\/ubajaranoticias.com.br\/index.php\/wp-json\/wp\/v2\/posts\/18719\/revisions"}],"wp:attachment":[{"href":"https:\/\/ubajaranoticias.com.br\/index.php\/wp-json\/wp\/v2\/media?parent=18719"}],"wp:term":[{"taxonomy":"category","embeddable":true,"href":"https:\/\/ubajaranoticias.com.br\/index.php\/wp-json\/wp\/v2\/categories?post=18719"},{"taxonomy":"post_tag","embeddable":true,"href":"https:\/\/ubajaranoticias.com.br\/index.php\/wp-json\/wp\/v2\/tags?post=18719"}],"curies":[{"name":"wp","href":"https:\/\/api.w.org\/{rel}","templated":true}]}}