{"id":16244,"date":"2024-10-26T06:18:26","date_gmt":"2024-10-26T09:18:26","guid":{"rendered":"https:\/\/ubajaranoticias.com.br\/index.php\/2024\/10\/26\/acoes-contra-a-dengue-sao-intensificadas-em-cemiterios-para-o-dia-de-finados-prefeitura-da-cidade-do-rio-de-janeiro\/"},"modified":"2024-10-26T06:18:26","modified_gmt":"2024-10-26T09:18:26","slug":"acoes-contra-a-dengue-sao-intensificadas-em-cemiterios-para-o-dia-de-finados-prefeitura-da-cidade-do-rio-de-janeiro","status":"publish","type":"post","link":"https:\/\/ubajaranoticias.com.br\/index.php\/2024\/10\/26\/acoes-contra-a-dengue-sao-intensificadas-em-cemiterios-para-o-dia-de-finados-prefeitura-da-cidade-do-rio-de-janeiro\/","title":{"rendered":"A\u00e7\u00f5es contra a dengue s\u00e3o intensificadas em cemit\u00e9rios para o Dia de Finados &#8211; Prefeitura da Cidade do Rio de Janeiro"},"content":{"rendered":"<p><\/p>\n<div wp_automatic_readability=\"78.269053398058\">\n<div class=\"image-post\" wp_automatic_readability=\"33\">\n                     A\u00e7\u00f5es de combate a criadouros do mosquito da dengue s\u00e3o intensificadas nos cemit\u00e9rios do Rio &#8211; Edu Kapps\/SMS                  <\/div>\n<p>Considerados pontos estrat\u00e9gicos para o controle e preven\u00e7\u00e3o das arboviroses, como dengue, zika e chikungunya, os cemit\u00e9rios da cidade est\u00e3o com a vistoria de arboviroses refor\u00e7ada pela Secretaria Municipal de Sa\u00fade (SMS) para o Dia de Finados (2\/11), quando os locais devem receber grande quantidade de pessoas. As a\u00e7\u00f5es visam a elimina\u00e7\u00e3o de poss\u00edveis focos do mosquito <em>Aedes aegypti <\/em>nesses locais, e ir\u00e3o ocorrer antes e depois do feriado.<\/p>\n<blockquote wp_automatic_readability=\"15\">\n<p>\u2013 \u00c9 uma a\u00e7\u00e3o muito importante, que acontece durante todo o ano, mas \u00e9 intensificada nesse per\u00edodo antes do feriado de finados e tamb\u00e9m ap\u00f3s a data. Os cemit\u00e9rios s\u00e3o locais que recebem um grande fluxo de pessoas, principalmente nessa \u00e9poca, e s\u00e3o deixados muitos recipientes que podem acumular \u00e1gua e favorecer o desenvolvimento do <em>Aedes aegypti<\/em>. Por isso essa a\u00e7\u00e3o \u00e9 extremamente importante, para eliminar esses poss\u00edveis focos do mosquito, diminuir o risco e prevenir as arboviroses na cidade \u2013\u00a0 explicou a superintendente de Vigil\u00e2ncia em Sa\u00fade, Gislani Mateus.<\/p>\n<\/blockquote>\n<p>Os trabalhos de controle das arboviroses, tanto nas \u00e1reas residenciais quanto nos locais considerados pontos estrat\u00e9gicos \u2013 al\u00e9m dos cemit\u00e9rios, borracharias, ferros-velhos, dep\u00f3sitos de sucata ou de materiais de constru\u00e7\u00e3o, garagens de \u00f4nibus, etc. \u2013\u00a0 s\u00e3o realizados pela SMS durante todo o ano. Nos meses de calor, dentro da programa\u00e7\u00e3o do Plano Ver\u00e3o, as a\u00e7\u00f5es s\u00e3o refor\u00e7adas.<\/p>\n<p>Nesta sexta-feira (25\/10), a a\u00e7\u00e3o aconteceu no Cemit\u00e9rio S\u00e3o Jo\u00e3o Batista, em Botafogo, na Zona Sul. Uma equipe com cerca de 30 agentes eliminou ou tratou dep\u00f3sitos com ac\u00famulo de \u00e1gua que poderiam servir de criadouro para o <em>Aedes aegypti<\/em>. Os recipientes foram esvaziados ou receberam pastilhas de pesticidas para impedir o desenvolvimento e a prolifera\u00e7\u00e3o das larvas do mosquito.<\/p>\n<p>Este ano, at\u00e9 o dia 19 de outubro, foram vistoriados mais de 9,3 milh\u00f5es de im\u00f3veis para controle e preven\u00e7\u00e3o de poss\u00edveis focos do <em>Aedes aegypti<\/em>, com elimina\u00e7\u00e3o ou tratamento de mais de 1,5 milh\u00e3o de recipientes.<\/p>\n<p>Para pedir vistorias ou denunciar locais com poss\u00edveis focos do mosquito <em>Aedes aegypti<\/em>, a popula\u00e7\u00e3o pode ligar para a Central 1746. A Coordena\u00e7\u00e3o de Vigil\u00e2ncia Ambiental em Sa\u00fade atendeu mais de 94% das solicita\u00e7\u00f5es feitas este ano por este canal dentro do prazo estipulado, de cinco dias.<\/p>\n<p>\u00a0<\/p>\n<p><strong>A\u00e7\u00f5es intensificadas tamb\u00e9m nos bairros<\/strong><\/p>\n<p>As equipes de Vigil\u00e2ncia em Sa\u00fade tamb\u00e9m est\u00e3o intensificando as a\u00e7\u00f5es de preven\u00e7\u00e3o \u00e0s arboviroses e de controle vetorial por toda a cidade. A a\u00e7\u00e3o SVS na Rua iniciou na \u00faltima quinta-feira (24\/10), com 147 agentes envolvidos que visitaram mais de 4 mil im\u00f3veis e trataram ou eliminaram 1,2 mil dep\u00f3sitos com ac\u00famulo de \u00e1gua nos bairros de Santo Cristo, Flamengo, Tijuca, Mar\u00e9, Penha, Jardim Carioca, Antares, Pitandeiras, Olaria, Aboli\u00e7\u00e3o, Rocha Miranda, Barra da Tijuca, Jabu, Campo Grande e Santa Cruz.<\/p>\n<p>O trabalho desempenhado pelas equipes \u00e9 estrat\u00e9gico e, por essa raz\u00e3o, \u00e9 intensificado ao longo do per\u00edodo de fortes chuvas, onde h\u00e1 maior concentra\u00e7\u00e3o de calor e a circula\u00e7\u00e3o de\u00a0 mosquitos. A SMS refor\u00e7a que a participa\u00e7\u00e3o da popula\u00e7\u00e3o no combate ao mosquito \u00e9 essencial, j\u00e1 que muitos reservat\u00f3rios e criadouros s\u00e3o encontrados em resid\u00eancias.<\/p>\n<p>             <!-- Compartilhe ---><\/p>\n<p>\t\t\t <!-- TAGS --><\/p>\n<section class=\"category-tags\">\n<div class=\"marcacao-category\">\n<article class=\"category-post\">\n<p>Categoria: <\/p>\n<\/article>\n<li>25 de outubro de 2024<\/li><\/div>\n<article class=\"tags\">\n\t\t\t\t\tMarca\u00e7\u00f5es: aedes aegypti Cemit\u00e9rios chikungunya Combate \u00e0s arboviroses dengue Dia de Finados sa\u00fade ver\u00e3o zika<br \/><\/article>\n<\/section>\n<p>            <!-- Mais Not&iacute;cias --><\/p>\n<p>\t\t<!-- Conte&uacute;do SIDEBAR --><\/p><\/div>\n","protected":false},"excerpt":{"rendered":"<p>A\u00e7\u00f5es de combate a criadouros do mosquito da dengue s\u00e3o intensificadas nos cemit\u00e9rios do Rio &#8211; Edu Kapps\/SMS Considerados pontos estrat\u00e9gicos para o controle e preven\u00e7\u00e3o das arboviroses, como dengue, zika e chikungunya, os cemit\u00e9rios da cidade est\u00e3o com a vistoria de arboviroses refor\u00e7ada pela Secretaria Municipal de Sa\u00fade (SMS) para o Dia de Finados &#8230; <a title=\"A\u00e7\u00f5es contra a dengue s\u00e3o intensificadas em cemit\u00e9rios para o Dia de Finados &#8211; Prefeitura da Cidade do Rio de Janeiro\" class=\"read-more\" href=\"https:\/\/ubajaranoticias.com.br\/index.php\/2024\/10\/26\/acoes-contra-a-dengue-sao-intensificadas-em-cemiterios-para-o-dia-de-finados-prefeitura-da-cidade-do-rio-de-janeiro\/\" aria-label=\"Read more about A\u00e7\u00f5es contra a dengue s\u00e3o intensificadas em cemit\u00e9rios para o Dia de Finados &#8211; Prefeitura da Cidade do Rio de Janeiro\">Ler mais<\/a><\/p>\n","protected":false},"author":1,"featured_media":0,"comment_status":"","ping_status":"","sticky":false,"template":"","format":"standard","meta":{"footnotes":""},"categories":[3],"tags":[],"class_list":["post-16244","post","type-post","status-publish","format-standard","hentry","category-noticias"],"amp_enabled":true,"_links":{"self":[{"href":"https:\/\/ubajaranoticias.com.br\/index.php\/wp-json\/wp\/v2\/posts\/16244","targetHints":{"allow":["GET"]}}],"collection":[{"href":"https:\/\/ubajaranoticias.com.br\/index.php\/wp-json\/wp\/v2\/posts"}],"about":[{"href":"https:\/\/ubajaranoticias.com.br\/index.php\/wp-json\/wp\/v2\/types\/post"}],"author":[{"embeddable":true,"href":"https:\/\/ubajaranoticias.com.br\/index.php\/wp-json\/wp\/v2\/users\/1"}],"replies":[{"embeddable":true,"href":"https:\/\/ubajaranoticias.com.br\/index.php\/wp-json\/wp\/v2\/comments?post=16244"}],"version-history":[{"count":0,"href":"https:\/\/ubajaranoticias.com.br\/index.php\/wp-json\/wp\/v2\/posts\/16244\/revisions"}],"wp:attachment":[{"href":"https:\/\/ubajaranoticias.com.br\/index.php\/wp-json\/wp\/v2\/media?parent=16244"}],"wp:term":[{"taxonomy":"category","embeddable":true,"href":"https:\/\/ubajaranoticias.com.br\/index.php\/wp-json\/wp\/v2\/categories?post=16244"},{"taxonomy":"post_tag","embeddable":true,"href":"https:\/\/ubajaranoticias.com.br\/index.php\/wp-json\/wp\/v2\/tags?post=16244"}],"curies":[{"name":"wp","href":"https:\/\/api.w.org\/{rel}","templated":true}]}}